{"id":3761,"date":"2025-01-14T12:09:16","date_gmt":"2025-01-14T17:09:16","guid":{"rendered":"https:\/\/2btubelatam.com\/?p=3761"},"modified":"2025-01-14T12:12:54","modified_gmt":"2025-01-14T17:12:54","slug":"emilia-perez-autenticidad-e-identidad","status":"publish","type":"post","link":"https:\/\/2btubelatam.com\/en\/emilia-perez-autenticidad-e-identidad\/","title":{"rendered":"Lo que &#8216;Emilia P\u00e9rez&#8217; olvid\u00f3: autenticidad e identidad como claves para la trascendencia"},"content":{"rendered":"<p>Por Arturo Y\u00e9pez, CEO de 2bLatam<\/p>\n\n\n\n<p>Hace poco vi <em><a href=\"https:\/\/www.imdb.com\/title\/tt20221436\/?ref_=nv_sr_srsg_1_tt_1_nm_6_in_0_q_emilia%2520perez\">Emilia P\u00e9rez<\/a><\/em>, la pel\u00edcula aclamada en festivales y ganadora de varios Globos de Oro promet\u00eda ser una obra transgresora y revolucionaria, pero lo \u00fanico que me provoc\u00f3 fue indignaci\u00f3n. Indignaci\u00f3n porque, detr\u00e1s de su narrativa llamativa y su estilo formalmente rompedor, se esconde una representaci\u00f3n superficial y condescendiente de la cultura mexicana. Una historia que no investiga ni comprende los temas que aborda y que explota estereotipos para complacer a una audiencia extranjera fascinada por lo ex\u00f3tico. Ver esta pel\u00edcula me record\u00f3 la conversaci\u00f3n que muy a menudo tengo con Jorge Ulloa, creador de <em><a href=\"https:\/\/www.youtube.com\/@enchufetv\">Enchufe.tv<\/a><\/em>, sobre la importancia de la identidad y la autenticidad en el contenido.<\/p>\n\n\n\n<figure class=\"wp-block-image size-large\"><img fetchpriority=\"high\" decoding=\"async\" width=\"1024\" height=\"470\" src=\"https:\/\/2btubelatam.com\/wp-content\/uploads\/2025\/01\/Elenco-enchufetv-1024x470.jpg\" alt=\"Elenco enchufe.tv\" class=\"wp-image-3763\" srcset=\"https:\/\/2btubelatam.com\/wp-content\/uploads\/2025\/01\/Elenco-enchufetv-1024x470.jpg 1024w, https:\/\/2btubelatam.com\/wp-content\/uploads\/2025\/01\/Elenco-enchufetv-300x138.jpg 300w, https:\/\/2btubelatam.com\/wp-content\/uploads\/2025\/01\/Elenco-enchufetv-768x353.jpg 768w, https:\/\/2btubelatam.com\/wp-content\/uploads\/2025\/01\/Elenco-enchufetv-1536x706.jpg 1536w, https:\/\/2btubelatam.com\/wp-content\/uploads\/2025\/01\/Elenco-enchufetv-18x8.jpg 18w, https:\/\/2btubelatam.com\/wp-content\/uploads\/2025\/01\/Elenco-enchufetv.jpg 1561w\" sizes=\"(max-width: 1024px) 100vw, 1024px\" \/><\/figure>\n\n\n\n<h2 class=\"wp-block-heading\"><strong>Lecciones desde <em>Enchufe.tv<\/em><\/strong><\/h2>\n\n\n\n<p>Cuando los creadores de <em>Enchufe.tv<\/em> comenzaron, recibieron innumerables sugerencias para neutralizar su contenido. Se les aconsej\u00f3 evitar localismos, no mencionar a Ecuador y usar un lenguaje m\u00e1s gen\u00e9rico para alcanzar audiencias internacionales. Pero decidieron no escuchar esas voces. En lugar de eso, optaron por construir un contenido que reflejara su identidad: desde el humor local hasta las referencias culturales, todo naci\u00f3 de su experiencia y vivencias como ecuatorianos y latinoamericanos.<\/p>\n\n\n\n<p>Esa decisi\u00f3n de apostar por lo aut\u00e9ntico convirti\u00f3 a <em><a href=\"https:\/\/2btubelatam.com\/en\/enchufetv-talento-mexicano-parte-de-la-formula-nuevas-alianzas\/\">Enchufe.tv<\/a><\/em> en un fen\u00f3meno regional. Su capacidad para conectar con audiencias en M\u00e9xico, Argentina, Colombia y m\u00e1s all\u00e1 demuestra que lo local no limita, sino que amplifica. Una broma sobre una madre ecuatoriana puede resonar tanto en Buenos Aires como en Ciudad de M\u00e9xico porque las emociones que genera son universales.<\/p>\n\n\n\n<p>En el mundo actual, donde las audiencias juzgan el contenido en tiempo real, el \u00e9xito radica en lo genuino. Likes, comentarios, y m\u00e9tricas de vistas reflejan una verdad ineludible: las personas no se dejan convencer por lo superficial ni por lo ex\u00f3tico, sino por aquello que conecta con lo humano. Los creadores de <em>Enchufe.tv<\/em> entendieron esto desde el principio, y esa autenticidad les ha permitido mantener su relevancia y trascendencia, acumulando m\u00e1s de 69 millones de seguidores en redes sociales y convirti\u00e9ndose en una de las marcas de entretenimiento m\u00e1s importantes de la regi\u00f3n.<\/p>\n\n\n\n<p>Por supuesto, alguien podr\u00eda decir: \u201c\u00bfC\u00f3mo te atreves a comparar un canal de YouTube con una pel\u00edcula galardonada en Cannes y los Globos de Oro?\u201d. Pero la realidad es que <em>Enchufe.tv<\/em> representa un ejemplo claro de c\u00f3mo la autenticidad, la identidad y el respeto por lo local son capaces de conectar con audiencias de una forma que incluso las producciones m\u00e1s premiadas no logran.<\/p>\n\n\n\n<h2 class=\"wp-block-heading\"><strong>El precio de ignorar la autenticidad: <em>Emilia P\u00e9rez<\/em><\/strong><\/h2>\n\n\n\n<p>Y ah\u00ed es donde <em>Emilia P\u00e9rez<\/em> falla. Aunque en lo formal rompe esquemas y presenta una narrativa visualmente atractiva, su historia est\u00e1 anclada en estereotipos que el director Jacques Audiard, de origen franc\u00e9s, conoce superficialmente, sin un m\u00ednimo esfuerzo por investigar o entender la cultura que retrata. La pel\u00edcula narra la historia de un narcotraficante mexicano que transiciona de g\u00e9nero para escapar de su pasado criminal, una premisa que, mal ejecutada, perpet\u00faa clich\u00e9s da\u00f1inos y explota temas sensibles de forma irresponsable.<\/p>\n\n\n\n<p>A esto se suma un casting desconectado: actores principales que no comprenden del todo la cultura que representan, como Selena Gomez, quien ha sido criticada por su espa\u00f1ol forzado y alejado de la realidad mexicana. En lugar de tender puentes hacia una conexi\u00f3n real con las audiencias a las que pretende representar, <em>Emilia P\u00e9rez<\/em> se queda en una versi\u00f3n folcl\u00f3rica y condescendiente que satisface m\u00e1s a un p\u00fablico extranjero que sigue viendo a Latinoam\u00e9rica con una lente de exotismo.<\/p>\n\n\n\n<figure class=\"wp-block-image size-full is-resized\"><img decoding=\"async\" width=\"640\" height=\"361\" src=\"https:\/\/2btubelatam.com\/wp-content\/uploads\/2025\/01\/Screenshot-2025-01-14-at-11.59.58\u202fAM-Medium.jpeg\" alt=\"Cien a\u00f1os de soledad\" class=\"wp-image-3764\" style=\"width:800px;height:auto\" srcset=\"https:\/\/2btubelatam.com\/wp-content\/uploads\/2025\/01\/Screenshot-2025-01-14-at-11.59.58\u202fAM-Medium.jpeg 640w, https:\/\/2btubelatam.com\/wp-content\/uploads\/2025\/01\/Screenshot-2025-01-14-at-11.59.58\u202fAM-Medium-300x169.jpeg 300w, https:\/\/2btubelatam.com\/wp-content\/uploads\/2025\/01\/Screenshot-2025-01-14-at-11.59.58\u202fAM-Medium-18x10.jpeg 18w\" sizes=\"(max-width: 640px) 100vw, 640px\" \/><figcaption class=\"wp-element-caption\">Cien a\u00f1os de soledad.  Foto: Netflix<\/figcaption><\/figure>\n\n\n\n<h2 class=\"wp-block-heading\"><strong>El contraste: <em>The Substance<\/em> y <em>Cien a\u00f1os de soledad<\/em><\/strong><\/h2>\n\n\n\n<p>En contraste, <em>The Substance<\/em> y <em>Cien a\u00f1os de soledad<\/em> destacan por su autenticidad y respeto hacia los temas que abordan.<\/p>\n\n\n\n<p><em>The Substance<\/em>, dirigida por Coralie Fargeat, es una cr\u00edtica brutal a la obsesi\u00f3n contempor\u00e1nea por la apariencia f\u00edsica. La pel\u00edcula utiliza elementos de horror corporal para explorar las presiones sociales que enfrentan las mujeres en la industria de la belleza y m\u00e1s all\u00e1. Lo que la hace destacable es su enfoque profundamente personal y honesto, que no solo expone estas problem\u00e1ticas, sino que invita al espectador a reflexionar desde una perspectiva emocional y real.<\/p>\n\n\n\n<p>Por otro lado, <em>Cien a\u00f1os de soledad<\/em> es un ejemplo de c\u00f3mo el respeto y la investigaci\u00f3n pueden elevar una obra. Mi amiga B\u00e1rbara Enr\u00edquez, dise\u00f1adora de producci\u00f3n de la serie, me ha contado sobre los a\u00f1os de trabajo que dedicaron a imaginar c\u00f3mo deb\u00eda verse Macondo. B\u00e1rbara, argentina-mexicana, se empap\u00f3 de la historia y la cultura colombiana para dar vida al universo de Gabriel Garc\u00eda M\u00e1rquez, asegur\u00e1ndose de que cada elemento visual \u2014desde los vestuarios y los peinados hasta los materiales y los bigotes\u2014 reflejara no solo la obra original, sino tambi\u00e9n la realidad hist\u00f3rica y cultural de la \u00e9poca. En este caso, la investigaci\u00f3n cura lo que la procedencia no puede ofrecer de manera natural, y el resultado es un homenaje profundamente respetuoso tanto a la obra como al contexto colombiano.<\/p>\n\n\n\n<h2 class=\"wp-block-heading\"><strong>Conclusi\u00f3n: las historias que permanecen<\/strong><\/h2>\n\n\n\n<p>La autenticidad no es solo un valor \u00e9tico, es una estrategia esencial para crear contenido que conecte y trascienda. Ya sea en un canal de YouTube como <em>Enchufe.tv<\/em>, en pel\u00edculas como <em>The Substance<\/em> o en adaptaciones como <em>Cien a\u00f1os de soledad<\/em>, las historias que perduran son aquellas que hablan desde la identidad y el respeto.<\/p>\n\n\n\n<p><em>Emilia P\u00e9rez<\/em> probablemente ser\u00e1 olvidada pronto. Su enfoque superficial y su falta de conexi\u00f3n genuina con los temas que aborda la condenan a ser una moda pasajera. En cambio, las historias que parten de una visi\u00f3n aut\u00e9ntica y un respeto profundo hacia las culturas y temas que representan son las que dejan una huella duradera. Como productor, tengo la responsabilidad de asegurar que el contenido que ayudamos a crear sea respetuoso, aut\u00e9ntico y significativo. Porque contar historias no es solo un acto creativo; es una forma de honrar a las personas y culturas que representamos.<\/p>","protected":false},"excerpt":{"rendered":"<p>Por Arturo Y\u00e9pez, CEO de 2bLatam Hace poco vi Emilia P\u00e9rez, la pel\u00edcula aclamada en festivales y ganadora de varios Globos de Oro promet\u00eda ser una obra transgresora y revolucionaria, pero lo \u00fanico que me provoc\u00f3 fue indignaci\u00f3n. Indignaci\u00f3n porque, detr\u00e1s de su narrativa llamativa y su estilo formalmente rompedor, se esconde una representaci\u00f3n superficial [&hellip;]<\/p>\n","protected":false},"author":20,"featured_media":3766,"comment_status":"open","ping_status":"open","sticky":false,"template":"","format":"standard","meta":{"_acf_changed":false,"content-type":"","_monsterinsights_skip_tracking":false,"_monsterinsights_sitenote_active":false,"_monsterinsights_sitenote_note":"","_monsterinsights_sitenote_category":0,"_uf_show_specific_survey":0,"_uf_disable_surveys":false,"footnotes":""},"categories":[9],"tags":[174,173,177,171,176,175,59,172],"class_list":["post-3761","post","type-post","status-publish","format-standard","has-post-thumbnail","hentry","category-blog","tag-autenticidad","tag-cien-anos-de-soledad","tag-cultura-mexicana","tag-emilia-perez","tag-enchufe-tv","tag-identidad","tag-mexico-2","tag-the-substance"],"acf":[],"yoast_head":"<!-- This site is optimized with the Yoast SEO plugin v27.4 - https:\/\/yoast.com\/product\/yoast-seo-wordpress\/ -->\n<title>Lo que &#039;Emilia P\u00e9rez&#039; olvid\u00f3: autenticidad e identidad como claves para la trascendencia -<\/title>\n<meta name=\"description\" content=\"Detr\u00e1s de su narrativa llamativa y su estilo formalmente rompedor, se esconde una representaci\u00f3n superficial y condescendiente de la cultura mexicana.\" \/>\n<meta name=\"robots\" content=\"index, follow, max-snippet:-1, max-image-preview:large, max-video-preview:-1\" \/>\n<link rel=\"canonical\" href=\"https:\/\/2btubelatam.com\/en\/emilia-perez-autenticidad-e-identidad\/\" \/>\n<meta property=\"og:locale\" content=\"en_US\" \/>\n<meta property=\"og:type\" content=\"article\" \/>\n<meta property=\"og:title\" content=\"Lo que &#039;Emilia P\u00e9rez&#039; olvid\u00f3: autenticidad e identidad como claves para la trascendencia -\" \/>\n<meta property=\"og:description\" content=\"Detr\u00e1s de su narrativa llamativa y su estilo formalmente rompedor, se esconde una representaci\u00f3n superficial y condescendiente de la cultura mexicana.\" \/>\n<meta property=\"og:url\" content=\"https:\/\/2btubelatam.com\/en\/emilia-perez-autenticidad-e-identidad\/\" \/>\n<meta property=\"og:site_name\" content=\"2btubelatam\" \/>\n<meta property=\"article:publisher\" content=\"https:\/\/www.facebook.com\/2blatam\" \/>\n<meta property=\"article:published_time\" content=\"2025-01-14T17:09:16+00:00\" \/>\n<meta property=\"article:modified_time\" content=\"2025-01-14T17:12:54+00:00\" \/>\n<meta property=\"og:image\" content=\"https:\/\/2btubelatam.com\/wp-content\/uploads\/2025\/01\/Emilia-Perez.jpeg\" \/>\n\t<meta property=\"og:image:width\" content=\"1280\" \/>\n\t<meta property=\"og:image:height\" content=\"841\" \/>\n\t<meta property=\"og:image:type\" content=\"image\/jpeg\" \/>\n<meta name=\"author\" content=\"Maria Jose Elizalde\" \/>\n<meta name=\"twitter:card\" content=\"summary_large_image\" \/>\n<meta name=\"twitter:creator\" content=\"@2blatam\" \/>\n<meta name=\"twitter:site\" content=\"@2blatam\" \/>\n<meta name=\"twitter:label1\" content=\"Written by\" \/>\n\t<meta name=\"twitter:data1\" content=\"Maria Jose Elizalde\" \/>\n\t<meta name=\"twitter:label2\" content=\"Est. reading time\" \/>\n\t<meta name=\"twitter:data2\" content=\"6 minutes\" \/>\n<script type=\"application\/ld+json\" class=\"yoast-schema-graph\">{\"@context\":\"https:\\\/\\\/schema.org\",\"@graph\":[{\"@type\":\"Article\",\"@id\":\"https:\\\/\\\/2btubelatam.com\\\/emilia-perez-autenticidad-e-identidad\\\/#article\",\"isPartOf\":{\"@id\":\"https:\\\/\\\/2btubelatam.com\\\/emilia-perez-autenticidad-e-identidad\\\/\"},\"author\":{\"name\":\"Maria Jose Elizalde\",\"@id\":\"https:\\\/\\\/2btubelatam.com\\\/#\\\/schema\\\/person\\\/6d6a5e20168b28554dcd17da6d598704\"},\"headline\":\"Lo que &#8216;Emilia P\u00e9rez&#8217; olvid\u00f3: autenticidad e identidad como claves para la trascendencia\",\"datePublished\":\"2025-01-14T17:09:16+00:00\",\"dateModified\":\"2025-01-14T17:12:54+00:00\",\"mainEntityOfPage\":{\"@id\":\"https:\\\/\\\/2btubelatam.com\\\/emilia-perez-autenticidad-e-identidad\\\/\"},\"wordCount\":1074,\"commentCount\":0,\"publisher\":{\"@id\":\"https:\\\/\\\/2btubelatam.com\\\/#organization\"},\"image\":{\"@id\":\"https:\\\/\\\/2btubelatam.com\\\/emilia-perez-autenticidad-e-identidad\\\/#primaryimage\"},\"thumbnailUrl\":\"https:\\\/\\\/2btubelatam.com\\\/wp-content\\\/uploads\\\/2025\\\/01\\\/Emilia-Perez.jpeg\",\"keywords\":[\"autenticidad\",\"Cien a\u00f1os de soledad\",\"cultura mexicana\",\"Emilia Perez\",\"Enchufe.tv\",\"identidad\",\"M\u00e9xico\",\"The Substance\"],\"articleSection\":[\"Blog\"],\"inLanguage\":\"en-US\",\"potentialAction\":[{\"@type\":\"CommentAction\",\"name\":\"Comment\",\"target\":[\"https:\\\/\\\/2btubelatam.com\\\/emilia-perez-autenticidad-e-identidad\\\/#respond\"]}]},{\"@type\":\"WebPage\",\"@id\":\"https:\\\/\\\/2btubelatam.com\\\/emilia-perez-autenticidad-e-identidad\\\/\",\"url\":\"https:\\\/\\\/2btubelatam.com\\\/emilia-perez-autenticidad-e-identidad\\\/\",\"name\":\"Lo que 'Emilia P\u00e9rez' olvid\u00f3: autenticidad e identidad como claves para la trascendencia -\",\"isPartOf\":{\"@id\":\"https:\\\/\\\/2btubelatam.com\\\/#website\"},\"primaryImageOfPage\":{\"@id\":\"https:\\\/\\\/2btubelatam.com\\\/emilia-perez-autenticidad-e-identidad\\\/#primaryimage\"},\"image\":{\"@id\":\"https:\\\/\\\/2btubelatam.com\\\/emilia-perez-autenticidad-e-identidad\\\/#primaryimage\"},\"thumbnailUrl\":\"https:\\\/\\\/2btubelatam.com\\\/wp-content\\\/uploads\\\/2025\\\/01\\\/Emilia-Perez.jpeg\",\"datePublished\":\"2025-01-14T17:09:16+00:00\",\"dateModified\":\"2025-01-14T17:12:54+00:00\",\"description\":\"Detr\u00e1s de su narrativa llamativa y su estilo formalmente rompedor, se esconde una representaci\u00f3n superficial y condescendiente de la cultura mexicana.\",\"breadcrumb\":{\"@id\":\"https:\\\/\\\/2btubelatam.com\\\/emilia-perez-autenticidad-e-identidad\\\/#breadcrumb\"},\"inLanguage\":\"en-US\",\"potentialAction\":[{\"@type\":\"ReadAction\",\"target\":[\"https:\\\/\\\/2btubelatam.com\\\/emilia-perez-autenticidad-e-identidad\\\/\"]}]},{\"@type\":\"ImageObject\",\"inLanguage\":\"en-US\",\"@id\":\"https:\\\/\\\/2btubelatam.com\\\/emilia-perez-autenticidad-e-identidad\\\/#primaryimage\",\"url\":\"https:\\\/\\\/2btubelatam.com\\\/wp-content\\\/uploads\\\/2025\\\/01\\\/Emilia-Perez.jpeg\",\"contentUrl\":\"https:\\\/\\\/2btubelatam.com\\\/wp-content\\\/uploads\\\/2025\\\/01\\\/Emilia-Perez.jpeg\",\"width\":1280,\"height\":841,\"caption\":\"Photo by Shanna Besson\\\/PAGE 114 - WHY NOT PRODUCTIONS - PATH\u00c9 FILMS - FRA - \u00a9 2024 PAGE 114 - WHY NOT PRODUCTIONS - PATH\u00c9 FILMS - FRANCE 2 CIN\u00c9MA\"},{\"@type\":\"BreadcrumbList\",\"@id\":\"https:\\\/\\\/2btubelatam.com\\\/emilia-perez-autenticidad-e-identidad\\\/#breadcrumb\",\"itemListElement\":[{\"@type\":\"ListItem\",\"position\":1,\"name\":\"Inicio\",\"item\":\"https:\\\/\\\/2btubelatam.com\\\/\"},{\"@type\":\"ListItem\",\"position\":2,\"name\":\"Lo que &#8216;Emilia P\u00e9rez&#8217; olvid\u00f3: autenticidad e identidad como claves para la trascendencia\"}]},{\"@type\":\"WebSite\",\"@id\":\"https:\\\/\\\/2btubelatam.com\\\/#website\",\"url\":\"https:\\\/\\\/2btubelatam.com\\\/\",\"name\":\"2btubelatam\",\"description\":\"Expertos en comunidades digitales y branded content\",\"publisher\":{\"@id\":\"https:\\\/\\\/2btubelatam.com\\\/#organization\"},\"potentialAction\":[{\"@type\":\"SearchAction\",\"target\":{\"@type\":\"EntryPoint\",\"urlTemplate\":\"https:\\\/\\\/2btubelatam.com\\\/?s={search_term_string}\"},\"query-input\":{\"@type\":\"PropertyValueSpecification\",\"valueRequired\":true,\"valueName\":\"search_term_string\"}}],\"inLanguage\":\"en-US\"},{\"@type\":\"Organization\",\"@id\":\"https:\\\/\\\/2btubelatam.com\\\/#organization\",\"name\":\"2btubelatam\",\"url\":\"https:\\\/\\\/2btubelatam.com\\\/\",\"logo\":{\"@type\":\"ImageObject\",\"inLanguage\":\"en-US\",\"@id\":\"https:\\\/\\\/2btubelatam.com\\\/#\\\/schema\\\/logo\\\/image\\\/\",\"url\":\"https:\\\/\\\/2btubelatam.com\\\/wp-content\\\/uploads\\\/2023\\\/06\\\/2btubelatam-logo.png\",\"contentUrl\":\"https:\\\/\\\/2btubelatam.com\\\/wp-content\\\/uploads\\\/2023\\\/06\\\/2btubelatam-logo.png\",\"width\":321,\"height\":150,\"caption\":\"2btubelatam\"},\"image\":{\"@id\":\"https:\\\/\\\/2btubelatam.com\\\/#\\\/schema\\\/logo\\\/image\\\/\"},\"sameAs\":[\"https:\\\/\\\/www.facebook.com\\\/2blatam\",\"https:\\\/\\\/x.com\\\/2blatam\",\"https:\\\/\\\/www.linkedin.com\\\/company\\\/2blatam\\\/mycompany\\\/\",\"https:\\\/\\\/www.instagram.com\\\/2blatam\\\/\",\"https:\\\/\\\/www.tiktok.com\\\/@2bshorts\"]},{\"@type\":\"Person\",\"@id\":\"https:\\\/\\\/2btubelatam.com\\\/#\\\/schema\\\/person\\\/6d6a5e20168b28554dcd17da6d598704\",\"name\":\"Maria Jose Elizalde\",\"image\":{\"@type\":\"ImageObject\",\"inLanguage\":\"en-US\",\"@id\":\"https:\\\/\\\/secure.gravatar.com\\\/avatar\\\/cc98dae638f97981fd7890cfccd997aefa0a19229669145445aa1087bc0ab980?s=96&d=mm&r=g\",\"url\":\"https:\\\/\\\/secure.gravatar.com\\\/avatar\\\/cc98dae638f97981fd7890cfccd997aefa0a19229669145445aa1087bc0ab980?s=96&d=mm&r=g\",\"contentUrl\":\"https:\\\/\\\/secure.gravatar.com\\\/avatar\\\/cc98dae638f97981fd7890cfccd997aefa0a19229669145445aa1087bc0ab980?s=96&d=mm&r=g\",\"caption\":\"Maria Jose Elizalde\"},\"url\":\"https:\\\/\\\/2btubelatam.com\\\/en\\\/author\\\/ma-jose\\\/\"}]}<\/script>\n<!-- \/ Yoast SEO plugin. -->","yoast_head_json":{"title":"Lo que 'Emilia P\u00e9rez' olvid\u00f3: autenticidad e identidad como claves para la trascendencia -","description":"Detr\u00e1s de su narrativa llamativa y su estilo formalmente rompedor, se esconde una representaci\u00f3n superficial y condescendiente de la cultura mexicana.","robots":{"index":"index","follow":"follow","max-snippet":"max-snippet:-1","max-image-preview":"max-image-preview:large","max-video-preview":"max-video-preview:-1"},"canonical":"https:\/\/2btubelatam.com\/en\/emilia-perez-autenticidad-e-identidad\/","og_locale":"en_US","og_type":"article","og_title":"Lo que 'Emilia P\u00e9rez' olvid\u00f3: autenticidad e identidad como claves para la trascendencia -","og_description":"Detr\u00e1s de su narrativa llamativa y su estilo formalmente rompedor, se esconde una representaci\u00f3n superficial y condescendiente de la cultura mexicana.","og_url":"https:\/\/2btubelatam.com\/en\/emilia-perez-autenticidad-e-identidad\/","og_site_name":"2btubelatam","article_publisher":"https:\/\/www.facebook.com\/2blatam","article_published_time":"2025-01-14T17:09:16+00:00","article_modified_time":"2025-01-14T17:12:54+00:00","og_image":[{"width":1280,"height":841,"url":"https:\/\/2btubelatam.com\/wp-content\/uploads\/2025\/01\/Emilia-Perez.jpeg","type":"image\/jpeg"}],"author":"Maria Jose Elizalde","twitter_card":"summary_large_image","twitter_creator":"@2blatam","twitter_site":"@2blatam","twitter_misc":{"Written by":"Maria Jose Elizalde","Est. reading time":"6 minutes"},"schema":{"@context":"https:\/\/schema.org","@graph":[{"@type":"Article","@id":"https:\/\/2btubelatam.com\/emilia-perez-autenticidad-e-identidad\/#article","isPartOf":{"@id":"https:\/\/2btubelatam.com\/emilia-perez-autenticidad-e-identidad\/"},"author":{"name":"Maria Jose Elizalde","@id":"https:\/\/2btubelatam.com\/#\/schema\/person\/6d6a5e20168b28554dcd17da6d598704"},"headline":"Lo que &#8216;Emilia P\u00e9rez&#8217; olvid\u00f3: autenticidad e identidad como claves para la trascendencia","datePublished":"2025-01-14T17:09:16+00:00","dateModified":"2025-01-14T17:12:54+00:00","mainEntityOfPage":{"@id":"https:\/\/2btubelatam.com\/emilia-perez-autenticidad-e-identidad\/"},"wordCount":1074,"commentCount":0,"publisher":{"@id":"https:\/\/2btubelatam.com\/#organization"},"image":{"@id":"https:\/\/2btubelatam.com\/emilia-perez-autenticidad-e-identidad\/#primaryimage"},"thumbnailUrl":"https:\/\/2btubelatam.com\/wp-content\/uploads\/2025\/01\/Emilia-Perez.jpeg","keywords":["autenticidad","Cien a\u00f1os de soledad","cultura mexicana","Emilia Perez","Enchufe.tv","identidad","M\u00e9xico","The Substance"],"articleSection":["Blog"],"inLanguage":"en-US","potentialAction":[{"@type":"CommentAction","name":"Comment","target":["https:\/\/2btubelatam.com\/emilia-perez-autenticidad-e-identidad\/#respond"]}]},{"@type":"WebPage","@id":"https:\/\/2btubelatam.com\/emilia-perez-autenticidad-e-identidad\/","url":"https:\/\/2btubelatam.com\/emilia-perez-autenticidad-e-identidad\/","name":"Lo que 'Emilia P\u00e9rez' olvid\u00f3: autenticidad e identidad como claves para la trascendencia -","isPartOf":{"@id":"https:\/\/2btubelatam.com\/#website"},"primaryImageOfPage":{"@id":"https:\/\/2btubelatam.com\/emilia-perez-autenticidad-e-identidad\/#primaryimage"},"image":{"@id":"https:\/\/2btubelatam.com\/emilia-perez-autenticidad-e-identidad\/#primaryimage"},"thumbnailUrl":"https:\/\/2btubelatam.com\/wp-content\/uploads\/2025\/01\/Emilia-Perez.jpeg","datePublished":"2025-01-14T17:09:16+00:00","dateModified":"2025-01-14T17:12:54+00:00","description":"Detr\u00e1s de su narrativa llamativa y su estilo formalmente rompedor, se esconde una representaci\u00f3n superficial y condescendiente de la cultura mexicana.","breadcrumb":{"@id":"https:\/\/2btubelatam.com\/emilia-perez-autenticidad-e-identidad\/#breadcrumb"},"inLanguage":"en-US","potentialAction":[{"@type":"ReadAction","target":["https:\/\/2btubelatam.com\/emilia-perez-autenticidad-e-identidad\/"]}]},{"@type":"ImageObject","inLanguage":"en-US","@id":"https:\/\/2btubelatam.com\/emilia-perez-autenticidad-e-identidad\/#primaryimage","url":"https:\/\/2btubelatam.com\/wp-content\/uploads\/2025\/01\/Emilia-Perez.jpeg","contentUrl":"https:\/\/2btubelatam.com\/wp-content\/uploads\/2025\/01\/Emilia-Perez.jpeg","width":1280,"height":841,"caption":"Photo by Shanna Besson\/PAGE 114 - WHY NOT PRODUCTIONS - PATH\u00c9 FILMS - FRA - \u00a9 2024 PAGE 114 - WHY NOT PRODUCTIONS - PATH\u00c9 FILMS - FRANCE 2 CIN\u00c9MA"},{"@type":"BreadcrumbList","@id":"https:\/\/2btubelatam.com\/emilia-perez-autenticidad-e-identidad\/#breadcrumb","itemListElement":[{"@type":"ListItem","position":1,"name":"Inicio","item":"https:\/\/2btubelatam.com\/"},{"@type":"ListItem","position":2,"name":"Lo que &#8216;Emilia P\u00e9rez&#8217; olvid\u00f3: autenticidad e identidad como claves para la trascendencia"}]},{"@type":"WebSite","@id":"https:\/\/2btubelatam.com\/#website","url":"https:\/\/2btubelatam.com\/","name":"2btubelatam","description":"Expertos en comunidades digitales y branded content","publisher":{"@id":"https:\/\/2btubelatam.com\/#organization"},"potentialAction":[{"@type":"SearchAction","target":{"@type":"EntryPoint","urlTemplate":"https:\/\/2btubelatam.com\/?s={search_term_string}"},"query-input":{"@type":"PropertyValueSpecification","valueRequired":true,"valueName":"search_term_string"}}],"inLanguage":"en-US"},{"@type":"Organization","@id":"https:\/\/2btubelatam.com\/#organization","name":"2btubelatam","url":"https:\/\/2btubelatam.com\/","logo":{"@type":"ImageObject","inLanguage":"en-US","@id":"https:\/\/2btubelatam.com\/#\/schema\/logo\/image\/","url":"https:\/\/2btubelatam.com\/wp-content\/uploads\/2023\/06\/2btubelatam-logo.png","contentUrl":"https:\/\/2btubelatam.com\/wp-content\/uploads\/2023\/06\/2btubelatam-logo.png","width":321,"height":150,"caption":"2btubelatam"},"image":{"@id":"https:\/\/2btubelatam.com\/#\/schema\/logo\/image\/"},"sameAs":["https:\/\/www.facebook.com\/2blatam","https:\/\/x.com\/2blatam","https:\/\/www.linkedin.com\/company\/2blatam\/mycompany\/","https:\/\/www.instagram.com\/2blatam\/","https:\/\/www.tiktok.com\/@2bshorts"]},{"@type":"Person","@id":"https:\/\/2btubelatam.com\/#\/schema\/person\/6d6a5e20168b28554dcd17da6d598704","name":"Maria Jose Elizalde","image":{"@type":"ImageObject","inLanguage":"en-US","@id":"https:\/\/secure.gravatar.com\/avatar\/cc98dae638f97981fd7890cfccd997aefa0a19229669145445aa1087bc0ab980?s=96&d=mm&r=g","url":"https:\/\/secure.gravatar.com\/avatar\/cc98dae638f97981fd7890cfccd997aefa0a19229669145445aa1087bc0ab980?s=96&d=mm&r=g","contentUrl":"https:\/\/secure.gravatar.com\/avatar\/cc98dae638f97981fd7890cfccd997aefa0a19229669145445aa1087bc0ab980?s=96&d=mm&r=g","caption":"Maria Jose Elizalde"},"url":"https:\/\/2btubelatam.com\/en\/author\/ma-jose\/"}]}},"_links":{"self":[{"href":"https:\/\/2btubelatam.com\/en\/wp-json\/wp\/v2\/posts\/3761","targetHints":{"allow":["GET"]}}],"collection":[{"href":"https:\/\/2btubelatam.com\/en\/wp-json\/wp\/v2\/posts"}],"about":[{"href":"https:\/\/2btubelatam.com\/en\/wp-json\/wp\/v2\/types\/post"}],"author":[{"embeddable":true,"href":"https:\/\/2btubelatam.com\/en\/wp-json\/wp\/v2\/users\/20"}],"replies":[{"embeddable":true,"href":"https:\/\/2btubelatam.com\/en\/wp-json\/wp\/v2\/comments?post=3761"}],"version-history":[{"count":1,"href":"https:\/\/2btubelatam.com\/en\/wp-json\/wp\/v2\/posts\/3761\/revisions"}],"predecessor-version":[{"id":3765,"href":"https:\/\/2btubelatam.com\/en\/wp-json\/wp\/v2\/posts\/3761\/revisions\/3765"}],"wp:featuredmedia":[{"embeddable":true,"href":"https:\/\/2btubelatam.com\/en\/wp-json\/wp\/v2\/media\/3766"}],"wp:attachment":[{"href":"https:\/\/2btubelatam.com\/en\/wp-json\/wp\/v2\/media?parent=3761"}],"wp:term":[{"taxonomy":"category","embeddable":true,"href":"https:\/\/2btubelatam.com\/en\/wp-json\/wp\/v2\/categories?post=3761"},{"taxonomy":"post_tag","embeddable":true,"href":"https:\/\/2btubelatam.com\/en\/wp-json\/wp\/v2\/tags?post=3761"}],"curies":[{"name":"wp","href":"https:\/\/api.w.org\/{rel}","templated":true}]}}