{"id":2787,"date":"2024-08-21T10:45:36","date_gmt":"2024-08-21T15:45:36","guid":{"rendered":"https:\/\/2btubelatam.com\/?p=2787"},"modified":"2024-11-08T16:07:39","modified_gmt":"2024-11-08T21:07:39","slug":"vidcon-mexico-un-vistazo-a-las-charlas-de-2blatam","status":"publish","type":"post","link":"https:\/\/2btubelatam.com\/en\/vidcon-mexico-un-vistazo-a-las-charlas-de-2blatam\/","title":{"rendered":"VidCon M\u00e9xico: Un vistazo a las charlas de 2bLatam"},"content":{"rendered":"<p style=\"font-style:normal;font-weight:400\">En 2bLatam somos expertos en plataformas digitales, el crecimiento de comunidades y servicios para creadores de contenido; como parte de nuestro compromiso con su \u00e9xito, participamos en VidCon M\u00e9xico 2024, el evento m\u00e1s importante del mundo digital en el que convergen los principales creadores y sus fans.<\/p>\n\n\n\n<p style=\"font-style:normal;font-weight:400\">Este evento, celebrado del 9 al 11 de agosto, fue una oportunidad \u00fanica para compartir conocimientos, estrategias y visiones que est\u00e1n moldeando el futuro del contenido en l\u00ednea. Algunos miembros de nuestro equipo y colaboradores participaron en diversas charlas que abordaron diversos temas: desde la construcci\u00f3n de una marca personal s\u00f3lida hasta la implementaci\u00f3n de estrategias innovadoras para conectar con nuevas audiencias. A continuaci\u00f3n, te compartimos un resumen de las sesiones m\u00e1s importantes de VidCon M\u00e9xico.<\/p>\n\n\n\n<div class=\"wp-block-group is-nowrap is-layout-flex wp-container-core-group-is-layout-6c531013 wp-block-group-is-layout-flex\">\n<h2 class=\"wp-block-heading\"><strong>M\u00e1s all\u00e1 del contenido: La marca personal<\/strong><\/h2>\n<\/div>\n\n\n\n<p>Moderada por Jorge Fegan, Director de la red de creadores de 2bLatam, \u00abM\u00e1s all\u00e1 del contenido\u00bb explor\u00f3 el desarrollo de la marca personal para creadores. Robegrill y Andr\u00e9s Morales, reconocidos por sus contenidos de comida, compartieron estrategias para convertir fortalezas individuales y una audiencia leal en oportunidades de negocio.\u00a0<\/p>\n\n\n\n<p>Los participantes descubrieron c\u00f3mo cada like, comentario y share puede transformarse en un activo valioso, aprendiendo a trazar un plan para convertir ideas en ingresos. La sesi\u00f3n enfatiz\u00f3 la necesidad de dise\u00f1ar un modelo de negocio donde la comunidad y el contenido sea el motor del \u00e9xito. Animaron a los creadores a dar el salto hacia el emprendimiento digital y la diversificaci\u00f3n de oportunidades de ingresos.<\/p>\n\n\n\n<p><img fetchpriority=\"high\" decoding=\"async\" width=\"846\" height=\"608\" src=\"https:\/\/lh7-rt.googleusercontent.com\/docsz\/AD_4nXe4W3n364Om2OXEgvd6kKqan4dJ5GGhHdZiUG1mtHesUEdqTYHx1lJbHiHuBySuJ1IOYPUFKl3DQHT6L_5P2EAmhtmVXs0IhcPM3HGjyvUKQlIP5yFMsCOncWYTDB06eh7Cz8amufysBaaItEVLfusEuBx-?key=Wvg2-bUtnUt3JSvDzXN3PA\"><\/p>\n\n\n\n<h2 class=\"wp-block-heading\"><strong>Estrategias multiplataforma: Conectando con la generaci\u00f3n Z en el mercado latinoamericano<\/strong><\/h2>\n\n\n\n<p>Este panel, conducido por Arturo Y\u00e9pez, CEO de 2bLatam y conformado por Iv\u00e1n Garc\u00eda, Dayana Vizcaya, Jorge Munguia y Fer Salinas, se centr\u00f3 en estrategias innovadoras para conectar con la generaci\u00f3n Z en el mercado latinoamericano. Se destac\u00f3 la importancia de comprender a fondo este segmento de audiencia y se presentaron herramientas para analizar su comportamiento en diversas plataformas.\u00a0Esta fue una de las charlas con m\u00e1s asistente en VidCon.<\/p>\n\n\n\n<p><\/p>\n\n\n\n<p><img decoding=\"async\" width=\"840\" height=\"524\" src=\"https:\/\/lh7-rt.googleusercontent.com\/docsz\/AD_4nXd-J3neD8MMQX53OhNAJdszd0YmXLkg7-y7rHSRkpkvSB6JdyQg77G0dcoSCDPVi78RnA7Cqz1GxjDMvkdGr01ojlM9JxbwpfmrMbdGhltgMkVKgUZUKbSE42wFrLxDjYqp5lWppBWyzurv7caNWcJXgQc1?key=Wvg2-bUtnUt3JSvDzXN3PA\"><\/p>\n\n\n\n<h2 class=\"wp-block-heading\"><strong>Comprender el mercado y la audiencia: Herramientas y estrategias para creadores<\/strong><\/h2>\n\n\n\n<div class=\"wp-block-group is-nowrap is-layout-flex wp-container-core-group-is-layout-6c531013 wp-block-group-is-layout-flex\">\n<p>Conducida por Jorge Alejandro Fegan, esta sesi\u00f3n subray\u00f3 la relevancia de entender profundamente el mercado y la audiencia para los creadores de contenido. Se abordaron herramientas y estrategias fundamentales, desde la investigaci\u00f3n de mercado hasta el an\u00e1lisis de datos demogr\u00e1ficos y comportamientos en l\u00ednea. Adem\u00e1s, se destac\u00f3 la importancia de desarrollar un buyer persona para entender a la audiencia; y c\u00f3mo este enfoque impacta en las decisiones de contenido y marketing. Los asistentes recibieron conocimientos clave para adaptarse al competitivo mercado actual y conectar de manera aut\u00e9ntica con su comunidad, garantizando as\u00ed un impacto significativo en su nicho.<\/p>\n<\/div>\n\n\n\n<p><img decoding=\"async\" width=\"834.2988505747127\" height=\"643.9802500680677\" src=\"https:\/\/lh7-rt.googleusercontent.com\/docsz\/AD_4nXek_KT259Pfh07AaT5eVcwiKPRmIwnYev6zX6gzXYZI2sll8gPIutcKdP5KzH9RIg-tDTrg3Pz3Q32N263b_W58wtbs8t6ZcWFwJK5jjCg2xMSPVggawy-me_Evd37dy83mB0hxyOfyXp4b2gzdIEvSmzr8?key=Wvg2-bUtnUt3JSvDzXN3PA\"><\/p>\n\n\n\n<h2 class=\"wp-block-heading\"><strong>Learning vibes: YouTube para educar y conectar<\/strong><\/h2>\n\n\n\n<div class=\"wp-block-group is-nowrap is-layout-flex wp-container-core-group-is-layout-6c531013 wp-block-group-is-layout-flex\">\n<p>En esta sesi\u00f3n con Daniel Carre\u00f3n, uno de los edutubers m\u00e1s exitosos de la regi\u00f3n y Daniela Guerra, Responsibility Lead de YouTube SPLA, compartieron estrategias para lograr un gran alcance y expandir el negocio de creaci\u00f3n de contenido educativo. Se discuti\u00f3 c\u00f3mo mantener el equilibrio entre la creaci\u00f3n de contenido valioso y entretenido, sin perder de vista la responsabilidad educativa. Los participantes aprendieron t\u00e9cnicas para conectar con la audiencia y ampliar su impacto en el mundo digital, todo mientras se mantienen fieles a la misi\u00f3n de educar y empoderar a sus seguidores.<\/p>\n<\/div>\n\n\n\n<h2 class=\"wp-block-heading\"><strong>Un diagn\u00f3stico digital: Desmintiendo los fake news<\/strong><\/h2>\n\n\n\n<p><a href=\"https:\/\/www.youtube.com\/channel\/UC2Rgt8XF_37FEjO_UHYTYgQ\">Mr. Doctor<\/a>, creador de contenido de la red de 2bLatam, se enfoc\u00f3 en esta sesi\u00f3n se enfoc\u00f3 en la lucha contra las fake news en el \u00e1mbito de la salud. En \u00abDiagn\u00f3stico digital\u00bb, los participantes exploraron estrategias para identificar informaci\u00f3n falsa y proteger su salud digital. Desde la evaluaci\u00f3n de fuentes confiables hasta la verificaci\u00f3n de datos y la interpretaci\u00f3n de estudios cient\u00edficos, se ofrecieron herramientas pr\u00e1cticas para distinguir entre informaci\u00f3n precisa y rumores da\u00f1inos en l\u00ednea. Esta sesi\u00f3n invit\u00f3 a los asistentes a fortalecer su inmunidad digital y convertirse en expertos en la identificaci\u00f3n y combate de fake news. de esta manera, garantizan un entorno digital m\u00e1s seguro y confiable para todos.<\/p>\n\n\n\n<div class=\"wp-block-group is-nowrap is-layout-flex wp-container-core-group-is-layout-6c531013 wp-block-group-is-layout-flex\">\n<p class=\"has-medium-font-size\"><\/p>\n<\/div>\n\n\n\n<p><img decoding=\"async\" src=\"https:\/\/lh7-rt.googleusercontent.com\/docsz\/AD_4nXecCpRDRtIiq9gN5boux_JR2g2EEedNUWPuYAeOL2oWcdiWZtxv0eGPb7kLyEd-r04KWvI2L-UkO9VvEbtY_Qo9klK9WWxKJy4toF34YwwbKNESOWyw39k9QaFWLWKcUdzQWcSipI6Wl8tiLDFcsBJZbJoP?key=Wvg2-bUtnUt3JSvDzXN3PA\" width=\"883\" height=\"633\"><\/p>\n\n\n\n<div class=\"wp-block-group is-nowrap is-layout-flex wp-container-core-group-is-layout-6c531013 wp-block-group-is-layout-flex\">\n<p>Las charlas y sesiones de 2bLatam en VidCon M\u00e9xico 2024 no s\u00f3lo ofrecieron herramientas y estrategias esenciales para la creaci\u00f3n de contenido, sino que tambi\u00e9n reflejaron nuestro compromiso con el \u00e9xito de nuestros creadores. Al mantenernos a la vanguardia de las tendencias y ofrecer lo mejor en plataformas digitales, seguimos construyendo el futuro del contenido en l\u00ednea junto a nuestros aliados. <a href=\"https:\/\/2btubelatam.com\/en\/ultimos-eventos-de-2blatam\/\">\u00a1Nos vemos en el pr\u00f3ximo evento!<\/a><\/p>\n<\/div>\n\n\n\n<p>Mantente conectado con 2bLatam para seguir creciendo y potenciando tu presencia digital, y no olvides suscribirte a nuestro Newsletter para estar al tanto de las \u00faltimas novedades en el mundo del entretenimiento.<\/p>","protected":false},"excerpt":{"rendered":"<p>En 2bLatam somos expertos en plataformas digitales, el crecimiento de comunidades y servicios para creadores de contenido; como parte de nuestro compromiso con su \u00e9xito, participamos en VidCon M\u00e9xico 2024, el evento m\u00e1s importante del mundo digital en el que convergen los principales creadores y sus fans. Este evento, celebrado del 9 al 11 de [&hellip;]<\/p>\n","protected":false},"author":27,"featured_media":2780,"comment_status":"open","ping_status":"open","sticky":false,"template":"","format":"standard","meta":{"_acf_changed":false,"content-type":"landing-page","_monsterinsights_skip_tracking":false,"_monsterinsights_sitenote_active":false,"_monsterinsights_sitenote_note":"","_monsterinsights_sitenote_category":0,"_uf_show_specific_survey":0,"_uf_disable_surveys":false,"footnotes":""},"categories":[9],"tags":[110,62,61,109,58,108],"class_list":["post-2787","post","type-post","status-publish","format-standard","has-post-thumbnail","hentry","category-blog","tag-2blatam","tag-charlas","tag-conferencias","tag-eventos","tag-vidcon","tag-vidcon-mexico"],"acf":[],"yoast_head":"<!-- This site is optimized with the Yoast SEO plugin v27.4 - https:\/\/yoast.com\/product\/yoast-seo-wordpress\/ -->\n<title>VidCon M\u00e9xico: Un vistazo a las charlas de 2bLatam - 2btubelatam<\/title>\n<meta name=\"description\" content=\"VidCon M\u00e9xico: Un resumen de las charlas de 2bLatam y sus puntos claves para creadores de contenido y comunidades digitales\" \/>\n<meta name=\"robots\" content=\"index, follow, max-snippet:-1, max-image-preview:large, max-video-preview:-1\" \/>\n<link rel=\"canonical\" href=\"https:\/\/2btubelatam.com\/en\/vidcon-mexico-un-vistazo-a-las-charlas-de-2blatam\/\" \/>\n<meta property=\"og:locale\" content=\"en_US\" \/>\n<meta property=\"og:type\" content=\"article\" \/>\n<meta property=\"og:title\" content=\"VidCon M\u00e9xico: Un vistazo a las charlas de 2bLatam - 2btubelatam\" \/>\n<meta property=\"og:description\" content=\"VidCon M\u00e9xico: Un resumen de las charlas de 2bLatam y sus puntos claves para creadores de contenido y comunidades digitales\" \/>\n<meta property=\"og:url\" content=\"https:\/\/2btubelatam.com\/en\/vidcon-mexico-un-vistazo-a-las-charlas-de-2blatam\/\" \/>\n<meta property=\"og:site_name\" content=\"2btubelatam\" \/>\n<meta property=\"article:publisher\" content=\"https:\/\/www.facebook.com\/2blatam\" \/>\n<meta property=\"article:published_time\" content=\"2024-08-21T15:45:36+00:00\" \/>\n<meta property=\"article:modified_time\" content=\"2024-11-08T21:07:39+00:00\" \/>\n<meta property=\"og:image\" content=\"https:\/\/2btubelatam.com\/wp-content\/uploads\/2024\/08\/WhatsApp-Image-2024-08-20-at-9.11.34-AM.jpeg\" \/>\n\t<meta property=\"og:image:width\" content=\"1600\" \/>\n\t<meta property=\"og:image:height\" content=\"900\" \/>\n\t<meta property=\"og:image:type\" content=\"image\/jpeg\" \/>\n<meta name=\"author\" content=\"Axel Aguilar\" \/>\n<meta name=\"twitter:card\" content=\"summary_large_image\" \/>\n<meta name=\"twitter:creator\" content=\"@2blatam\" \/>\n<meta name=\"twitter:site\" content=\"@2blatam\" \/>\n<meta name=\"twitter:label1\" content=\"Written by\" \/>\n\t<meta name=\"twitter:data1\" content=\"Axel Aguilar\" \/>\n\t<meta name=\"twitter:label2\" content=\"Est. reading time\" \/>\n\t<meta name=\"twitter:data2\" content=\"5 minutes\" \/>\n<script type=\"application\/ld+json\" class=\"yoast-schema-graph\">{\"@context\":\"https:\\\/\\\/schema.org\",\"@graph\":[{\"@type\":\"Article\",\"@id\":\"https:\\\/\\\/2btubelatam.com\\\/vidcon-mexico-un-vistazo-a-las-charlas-de-2blatam\\\/#article\",\"isPartOf\":{\"@id\":\"https:\\\/\\\/2btubelatam.com\\\/vidcon-mexico-un-vistazo-a-las-charlas-de-2blatam\\\/\"},\"author\":{\"name\":\"Axel Aguilar\",\"@id\":\"https:\\\/\\\/2btubelatam.com\\\/#\\\/schema\\\/person\\\/d9e0d317da51d10da2f32e1132c63482\"},\"headline\":\"VidCon M\u00e9xico: Un vistazo a las charlas de 2bLatam\",\"datePublished\":\"2024-08-21T15:45:36+00:00\",\"dateModified\":\"2024-11-08T21:07:39+00:00\",\"mainEntityOfPage\":{\"@id\":\"https:\\\/\\\/2btubelatam.com\\\/vidcon-mexico-un-vistazo-a-las-charlas-de-2blatam\\\/\"},\"wordCount\":820,\"commentCount\":0,\"publisher\":{\"@id\":\"https:\\\/\\\/2btubelatam.com\\\/#organization\"},\"image\":{\"@id\":\"https:\\\/\\\/2btubelatam.com\\\/vidcon-mexico-un-vistazo-a-las-charlas-de-2blatam\\\/#primaryimage\"},\"thumbnailUrl\":\"https:\\\/\\\/2btubelatam.com\\\/wp-content\\\/uploads\\\/2024\\\/08\\\/WhatsApp-Image-2024-08-20-at-9.11.34-AM.jpeg\",\"keywords\":[\"2bLatam\",\"charlas\",\"conferencias\",\"eventos\",\"Vidcon\",\"Vidcon M\u00e9xico\"],\"articleSection\":[\"Blog\"],\"inLanguage\":\"en-US\",\"potentialAction\":[{\"@type\":\"CommentAction\",\"name\":\"Comment\",\"target\":[\"https:\\\/\\\/2btubelatam.com\\\/vidcon-mexico-un-vistazo-a-las-charlas-de-2blatam\\\/#respond\"]}]},{\"@type\":\"WebPage\",\"@id\":\"https:\\\/\\\/2btubelatam.com\\\/vidcon-mexico-un-vistazo-a-las-charlas-de-2blatam\\\/\",\"url\":\"https:\\\/\\\/2btubelatam.com\\\/vidcon-mexico-un-vistazo-a-las-charlas-de-2blatam\\\/\",\"name\":\"VidCon M\u00e9xico: Un vistazo a las charlas de 2bLatam - 2btubelatam\",\"isPartOf\":{\"@id\":\"https:\\\/\\\/2btubelatam.com\\\/#website\"},\"primaryImageOfPage\":{\"@id\":\"https:\\\/\\\/2btubelatam.com\\\/vidcon-mexico-un-vistazo-a-las-charlas-de-2blatam\\\/#primaryimage\"},\"image\":{\"@id\":\"https:\\\/\\\/2btubelatam.com\\\/vidcon-mexico-un-vistazo-a-las-charlas-de-2blatam\\\/#primaryimage\"},\"thumbnailUrl\":\"https:\\\/\\\/2btubelatam.com\\\/wp-content\\\/uploads\\\/2024\\\/08\\\/WhatsApp-Image-2024-08-20-at-9.11.34-AM.jpeg\",\"datePublished\":\"2024-08-21T15:45:36+00:00\",\"dateModified\":\"2024-11-08T21:07:39+00:00\",\"description\":\"VidCon M\u00e9xico: Un resumen de las charlas de 2bLatam y sus puntos claves para creadores de contenido y comunidades digitales\",\"breadcrumb\":{\"@id\":\"https:\\\/\\\/2btubelatam.com\\\/vidcon-mexico-un-vistazo-a-las-charlas-de-2blatam\\\/#breadcrumb\"},\"inLanguage\":\"en-US\",\"potentialAction\":[{\"@type\":\"ReadAction\",\"target\":[\"https:\\\/\\\/2btubelatam.com\\\/vidcon-mexico-un-vistazo-a-las-charlas-de-2blatam\\\/\"]}]},{\"@type\":\"ImageObject\",\"inLanguage\":\"en-US\",\"@id\":\"https:\\\/\\\/2btubelatam.com\\\/vidcon-mexico-un-vistazo-a-las-charlas-de-2blatam\\\/#primaryimage\",\"url\":\"https:\\\/\\\/2btubelatam.com\\\/wp-content\\\/uploads\\\/2024\\\/08\\\/WhatsApp-Image-2024-08-20-at-9.11.34-AM.jpeg\",\"contentUrl\":\"https:\\\/\\\/2btubelatam.com\\\/wp-content\\\/uploads\\\/2024\\\/08\\\/WhatsApp-Image-2024-08-20-at-9.11.34-AM.jpeg\",\"width\":1600,\"height\":900,\"caption\":\"Vidcon conferencias\"},{\"@type\":\"BreadcrumbList\",\"@id\":\"https:\\\/\\\/2btubelatam.com\\\/vidcon-mexico-un-vistazo-a-las-charlas-de-2blatam\\\/#breadcrumb\",\"itemListElement\":[{\"@type\":\"ListItem\",\"position\":1,\"name\":\"Inicio\",\"item\":\"https:\\\/\\\/2btubelatam.com\\\/\"},{\"@type\":\"ListItem\",\"position\":2,\"name\":\"VidCon M\u00e9xico: Un vistazo a las charlas de 2bLatam\"}]},{\"@type\":\"WebSite\",\"@id\":\"https:\\\/\\\/2btubelatam.com\\\/#website\",\"url\":\"https:\\\/\\\/2btubelatam.com\\\/\",\"name\":\"2btubelatam\",\"description\":\"Expertos en comunidades digitales y branded content\",\"publisher\":{\"@id\":\"https:\\\/\\\/2btubelatam.com\\\/#organization\"},\"potentialAction\":[{\"@type\":\"SearchAction\",\"target\":{\"@type\":\"EntryPoint\",\"urlTemplate\":\"https:\\\/\\\/2btubelatam.com\\\/?s={search_term_string}\"},\"query-input\":{\"@type\":\"PropertyValueSpecification\",\"valueRequired\":true,\"valueName\":\"search_term_string\"}}],\"inLanguage\":\"en-US\"},{\"@type\":\"Organization\",\"@id\":\"https:\\\/\\\/2btubelatam.com\\\/#organization\",\"name\":\"2btubelatam\",\"url\":\"https:\\\/\\\/2btubelatam.com\\\/\",\"logo\":{\"@type\":\"ImageObject\",\"inLanguage\":\"en-US\",\"@id\":\"https:\\\/\\\/2btubelatam.com\\\/#\\\/schema\\\/logo\\\/image\\\/\",\"url\":\"https:\\\/\\\/2btubelatam.com\\\/wp-content\\\/uploads\\\/2023\\\/06\\\/2btubelatam-logo.png\",\"contentUrl\":\"https:\\\/\\\/2btubelatam.com\\\/wp-content\\\/uploads\\\/2023\\\/06\\\/2btubelatam-logo.png\",\"width\":321,\"height\":150,\"caption\":\"2btubelatam\"},\"image\":{\"@id\":\"https:\\\/\\\/2btubelatam.com\\\/#\\\/schema\\\/logo\\\/image\\\/\"},\"sameAs\":[\"https:\\\/\\\/www.facebook.com\\\/2blatam\",\"https:\\\/\\\/x.com\\\/2blatam\",\"https:\\\/\\\/www.linkedin.com\\\/company\\\/2blatam\\\/mycompany\\\/\",\"https:\\\/\\\/www.instagram.com\\\/2blatam\\\/\",\"https:\\\/\\\/www.tiktok.com\\\/@2bshorts\"]},{\"@type\":\"Person\",\"@id\":\"https:\\\/\\\/2btubelatam.com\\\/#\\\/schema\\\/person\\\/d9e0d317da51d10da2f32e1132c63482\",\"name\":\"Axel Aguilar\",\"image\":{\"@type\":\"ImageObject\",\"inLanguage\":\"en-US\",\"@id\":\"https:\\\/\\\/secure.gravatar.com\\\/avatar\\\/e35488c82f142d59b9b01d0930013fca8ebf57123f35817934773d7ba444561b?s=96&d=mm&r=g\",\"url\":\"https:\\\/\\\/secure.gravatar.com\\\/avatar\\\/e35488c82f142d59b9b01d0930013fca8ebf57123f35817934773d7ba444561b?s=96&d=mm&r=g\",\"contentUrl\":\"https:\\\/\\\/secure.gravatar.com\\\/avatar\\\/e35488c82f142d59b9b01d0930013fca8ebf57123f35817934773d7ba444561b?s=96&d=mm&r=g\",\"caption\":\"Axel Aguilar\"},\"url\":\"https:\\\/\\\/2btubelatam.com\\\/en\\\/author\\\/talentos\\\/\"}]}<\/script>\n<!-- \/ Yoast SEO plugin. -->","yoast_head_json":{"title":"VidCon M\u00e9xico: Un vistazo a las charlas de 2bLatam - 2btubelatam","description":"VidCon M\u00e9xico: Un resumen de las charlas de 2bLatam y sus puntos claves para creadores de contenido y comunidades digitales","robots":{"index":"index","follow":"follow","max-snippet":"max-snippet:-1","max-image-preview":"max-image-preview:large","max-video-preview":"max-video-preview:-1"},"canonical":"https:\/\/2btubelatam.com\/en\/vidcon-mexico-un-vistazo-a-las-charlas-de-2blatam\/","og_locale":"en_US","og_type":"article","og_title":"VidCon M\u00e9xico: Un vistazo a las charlas de 2bLatam - 2btubelatam","og_description":"VidCon M\u00e9xico: Un resumen de las charlas de 2bLatam y sus puntos claves para creadores de contenido y comunidades digitales","og_url":"https:\/\/2btubelatam.com\/en\/vidcon-mexico-un-vistazo-a-las-charlas-de-2blatam\/","og_site_name":"2btubelatam","article_publisher":"https:\/\/www.facebook.com\/2blatam","article_published_time":"2024-08-21T15:45:36+00:00","article_modified_time":"2024-11-08T21:07:39+00:00","og_image":[{"width":1600,"height":900,"url":"https:\/\/2btubelatam.com\/wp-content\/uploads\/2024\/08\/WhatsApp-Image-2024-08-20-at-9.11.34-AM.jpeg","type":"image\/jpeg"}],"author":"Axel Aguilar","twitter_card":"summary_large_image","twitter_creator":"@2blatam","twitter_site":"@2blatam","twitter_misc":{"Written by":"Axel Aguilar","Est. reading time":"5 minutes"},"schema":{"@context":"https:\/\/schema.org","@graph":[{"@type":"Article","@id":"https:\/\/2btubelatam.com\/vidcon-mexico-un-vistazo-a-las-charlas-de-2blatam\/#article","isPartOf":{"@id":"https:\/\/2btubelatam.com\/vidcon-mexico-un-vistazo-a-las-charlas-de-2blatam\/"},"author":{"name":"Axel Aguilar","@id":"https:\/\/2btubelatam.com\/#\/schema\/person\/d9e0d317da51d10da2f32e1132c63482"},"headline":"VidCon M\u00e9xico: Un vistazo a las charlas de 2bLatam","datePublished":"2024-08-21T15:45:36+00:00","dateModified":"2024-11-08T21:07:39+00:00","mainEntityOfPage":{"@id":"https:\/\/2btubelatam.com\/vidcon-mexico-un-vistazo-a-las-charlas-de-2blatam\/"},"wordCount":820,"commentCount":0,"publisher":{"@id":"https:\/\/2btubelatam.com\/#organization"},"image":{"@id":"https:\/\/2btubelatam.com\/vidcon-mexico-un-vistazo-a-las-charlas-de-2blatam\/#primaryimage"},"thumbnailUrl":"https:\/\/2btubelatam.com\/wp-content\/uploads\/2024\/08\/WhatsApp-Image-2024-08-20-at-9.11.34-AM.jpeg","keywords":["2bLatam","charlas","conferencias","eventos","Vidcon","Vidcon M\u00e9xico"],"articleSection":["Blog"],"inLanguage":"en-US","potentialAction":[{"@type":"CommentAction","name":"Comment","target":["https:\/\/2btubelatam.com\/vidcon-mexico-un-vistazo-a-las-charlas-de-2blatam\/#respond"]}]},{"@type":"WebPage","@id":"https:\/\/2btubelatam.com\/vidcon-mexico-un-vistazo-a-las-charlas-de-2blatam\/","url":"https:\/\/2btubelatam.com\/vidcon-mexico-un-vistazo-a-las-charlas-de-2blatam\/","name":"VidCon M\u00e9xico: Un vistazo a las charlas de 2bLatam - 2btubelatam","isPartOf":{"@id":"https:\/\/2btubelatam.com\/#website"},"primaryImageOfPage":{"@id":"https:\/\/2btubelatam.com\/vidcon-mexico-un-vistazo-a-las-charlas-de-2blatam\/#primaryimage"},"image":{"@id":"https:\/\/2btubelatam.com\/vidcon-mexico-un-vistazo-a-las-charlas-de-2blatam\/#primaryimage"},"thumbnailUrl":"https:\/\/2btubelatam.com\/wp-content\/uploads\/2024\/08\/WhatsApp-Image-2024-08-20-at-9.11.34-AM.jpeg","datePublished":"2024-08-21T15:45:36+00:00","dateModified":"2024-11-08T21:07:39+00:00","description":"VidCon M\u00e9xico: Un resumen de las charlas de 2bLatam y sus puntos claves para creadores de contenido y comunidades digitales","breadcrumb":{"@id":"https:\/\/2btubelatam.com\/vidcon-mexico-un-vistazo-a-las-charlas-de-2blatam\/#breadcrumb"},"inLanguage":"en-US","potentialAction":[{"@type":"ReadAction","target":["https:\/\/2btubelatam.com\/vidcon-mexico-un-vistazo-a-las-charlas-de-2blatam\/"]}]},{"@type":"ImageObject","inLanguage":"en-US","@id":"https:\/\/2btubelatam.com\/vidcon-mexico-un-vistazo-a-las-charlas-de-2blatam\/#primaryimage","url":"https:\/\/2btubelatam.com\/wp-content\/uploads\/2024\/08\/WhatsApp-Image-2024-08-20-at-9.11.34-AM.jpeg","contentUrl":"https:\/\/2btubelatam.com\/wp-content\/uploads\/2024\/08\/WhatsApp-Image-2024-08-20-at-9.11.34-AM.jpeg","width":1600,"height":900,"caption":"Vidcon conferencias"},{"@type":"BreadcrumbList","@id":"https:\/\/2btubelatam.com\/vidcon-mexico-un-vistazo-a-las-charlas-de-2blatam\/#breadcrumb","itemListElement":[{"@type":"ListItem","position":1,"name":"Inicio","item":"https:\/\/2btubelatam.com\/"},{"@type":"ListItem","position":2,"name":"VidCon M\u00e9xico: Un vistazo a las charlas de 2bLatam"}]},{"@type":"WebSite","@id":"https:\/\/2btubelatam.com\/#website","url":"https:\/\/2btubelatam.com\/","name":"2btubelatam","description":"Expertos en comunidades digitales y branded content","publisher":{"@id":"https:\/\/2btubelatam.com\/#organization"},"potentialAction":[{"@type":"SearchAction","target":{"@type":"EntryPoint","urlTemplate":"https:\/\/2btubelatam.com\/?s={search_term_string}"},"query-input":{"@type":"PropertyValueSpecification","valueRequired":true,"valueName":"search_term_string"}}],"inLanguage":"en-US"},{"@type":"Organization","@id":"https:\/\/2btubelatam.com\/#organization","name":"2btubelatam","url":"https:\/\/2btubelatam.com\/","logo":{"@type":"ImageObject","inLanguage":"en-US","@id":"https:\/\/2btubelatam.com\/#\/schema\/logo\/image\/","url":"https:\/\/2btubelatam.com\/wp-content\/uploads\/2023\/06\/2btubelatam-logo.png","contentUrl":"https:\/\/2btubelatam.com\/wp-content\/uploads\/2023\/06\/2btubelatam-logo.png","width":321,"height":150,"caption":"2btubelatam"},"image":{"@id":"https:\/\/2btubelatam.com\/#\/schema\/logo\/image\/"},"sameAs":["https:\/\/www.facebook.com\/2blatam","https:\/\/x.com\/2blatam","https:\/\/www.linkedin.com\/company\/2blatam\/mycompany\/","https:\/\/www.instagram.com\/2blatam\/","https:\/\/www.tiktok.com\/@2bshorts"]},{"@type":"Person","@id":"https:\/\/2btubelatam.com\/#\/schema\/person\/d9e0d317da51d10da2f32e1132c63482","name":"Axel Aguilar","image":{"@type":"ImageObject","inLanguage":"en-US","@id":"https:\/\/secure.gravatar.com\/avatar\/e35488c82f142d59b9b01d0930013fca8ebf57123f35817934773d7ba444561b?s=96&d=mm&r=g","url":"https:\/\/secure.gravatar.com\/avatar\/e35488c82f142d59b9b01d0930013fca8ebf57123f35817934773d7ba444561b?s=96&d=mm&r=g","contentUrl":"https:\/\/secure.gravatar.com\/avatar\/e35488c82f142d59b9b01d0930013fca8ebf57123f35817934773d7ba444561b?s=96&d=mm&r=g","caption":"Axel Aguilar"},"url":"https:\/\/2btubelatam.com\/en\/author\/talentos\/"}]}},"_links":{"self":[{"href":"https:\/\/2btubelatam.com\/en\/wp-json\/wp\/v2\/posts\/2787","targetHints":{"allow":["GET"]}}],"collection":[{"href":"https:\/\/2btubelatam.com\/en\/wp-json\/wp\/v2\/posts"}],"about":[{"href":"https:\/\/2btubelatam.com\/en\/wp-json\/wp\/v2\/types\/post"}],"author":[{"embeddable":true,"href":"https:\/\/2btubelatam.com\/en\/wp-json\/wp\/v2\/users\/27"}],"replies":[{"embeddable":true,"href":"https:\/\/2btubelatam.com\/en\/wp-json\/wp\/v2\/comments?post=2787"}],"version-history":[{"count":2,"href":"https:\/\/2btubelatam.com\/en\/wp-json\/wp\/v2\/posts\/2787\/revisions"}],"predecessor-version":[{"id":2800,"href":"https:\/\/2btubelatam.com\/en\/wp-json\/wp\/v2\/posts\/2787\/revisions\/2800"}],"wp:featuredmedia":[{"embeddable":true,"href":"https:\/\/2btubelatam.com\/en\/wp-json\/wp\/v2\/media\/2780"}],"wp:attachment":[{"href":"https:\/\/2btubelatam.com\/en\/wp-json\/wp\/v2\/media?parent=2787"}],"wp:term":[{"taxonomy":"category","embeddable":true,"href":"https:\/\/2btubelatam.com\/en\/wp-json\/wp\/v2\/categories?post=2787"},{"taxonomy":"post_tag","embeddable":true,"href":"https:\/\/2btubelatam.com\/en\/wp-json\/wp\/v2\/tags?post=2787"}],"curies":[{"name":"wp","href":"https:\/\/api.w.org\/{rel}","templated":true}]}}